{"id":1158,"date":"2022-05-03T16:14:26","date_gmt":"2022-05-03T14:14:26","guid":{"rendered":"https:\/\/www.litografivesuviani.com\/main\/?p=1158"},"modified":"2022-05-03T16:21:41","modified_gmt":"2022-05-03T14:21:41","slug":"workshop-la-giustizia-riparativa-nel-rispetto-della-vittima-il-percorso-di-ripensamento-critico-e-lattenzione-alle-vittime","status":"publish","type":"post","link":"https:\/\/www.litografivesuviani.com\/main\/2022\/05\/03\/workshop-la-giustizia-riparativa-nel-rispetto-della-vittima-il-percorso-di-ripensamento-critico-e-lattenzione-alle-vittime\/","title":{"rendered":"Workshop \u201cLa giustizia riparativa nel rispetto della vittima\u201d . Il percorso di ripensamento critico e l\u2019attenzione alle vittime"},"content":{"rendered":"\t\t<div data-elementor-type=\"wp-post\" data-elementor-id=\"1158\" class=\"elementor elementor-1158\">\n\t\t\t\t\t\t<section class=\"elementor-section elementor-top-section elementor-element elementor-element-0d2f5b2 elementor-section-boxed elementor-section-height-default elementor-section-height-default wpr-particle-no wpr-jarallax-no wpr-parallax-no wpr-sticky-section-no wpr-equal-height-no\" data-id=\"0d2f5b2\" data-element_type=\"section\" data-e-type=\"section\" data-settings=\"{&quot;background_background&quot;:&quot;classic&quot;}\">\n\t\t\t\t\t\t<div class=\"elementor-container elementor-column-gap-default\">\n\t\t\t\t\t<div class=\"elementor-column elementor-col-100 elementor-top-column elementor-element elementor-element-44e52bc\" data-id=\"44e52bc\" data-element_type=\"column\" data-e-type=\"column\">\n\t\t\t<div class=\"elementor-widget-wrap elementor-element-populated\">\n\t\t\t\t\t\t<div class=\"elementor-element elementor-element-c811c22 elementor-widget elementor-widget-text-editor\" data-id=\"c811c22\" data-element_type=\"widget\" data-e-type=\"widget\" data-widget_type=\"text-editor.default\">\n\t\t\t\t<div class=\"elementor-widget-container\">\n\t\t\t\t\t\t\t\t\t<h1>Workshop \u201cLa giustizia riparativa nel rispetto della vittima\u201d . Il percorso di ripensamento critico e l\u2019attenzione alle vittime<\/h1><p>Marted\u00ec 12 Aprile 2022 dalle ore 09.00 alle ore 14.00, presso la Sala Filangieri Archivio di Stato di Napoli si \u00e8 tenuto il primo Workshop dedicato alla giustizia riparativa nel rispetto della vittima.<\/p><p>Evento pubblico organizzato dall\u2019Associazione Diesis e dal UIEPE Napoli nell\u2019ambito del progetto \u201cMai pi\u00f9 dentro\u201d Cofinanziato dalla\u00a0 Fondazione CON IL SUD per l\u2019iniziativa Carceri 2019.<\/p><p>L\u2019obiettivo del progetto \u00e8 quello di offrire lavoro, creando una reale possibilit\u00e0 di inclusione sociale e lavorativa a chi \u00e8 escluso per lo stigma della malattia mentale, amplificato per gli \u201cautori di reato\u201d.<\/p><p>Il progetto \u201cMai pi\u00f9 dentro\u201d vede Litografi Vesuviani capofila di una partnership di Enti Pubblici e Privati come il Carcere di Secondigliano, il Carcere di Poggioreale, la ASL Napoli 3 sud, il UIEPE Napoli e Campania, il Comune di San Giorgio a Cremano, l\u2019Istituto Tecnico Carlo di Borbone, la Cooperativa Lavoro in Corsi, la Cooperativa Consul Service, UIEPE Napoli e l\u2019APS Diesis.<\/p>\t\t\t\t\t\t\t\t<\/div>\n\t\t\t\t<\/div>\n\t\t\t\t\t<\/div>\n\t\t<\/div>\n\t\t\t\t\t<\/div>\n\t\t<\/section>\n\t\t\t\t<section class=\"elementor-section elementor-top-section elementor-element elementor-element-d0d72ea elementor-section-boxed elementor-section-height-default elementor-section-height-default wpr-particle-no wpr-jarallax-no wpr-parallax-no wpr-sticky-section-no wpr-equal-height-no\" data-id=\"d0d72ea\" data-element_type=\"section\" data-e-type=\"section\">\n\t\t\t\t\t\t<div class=\"elementor-container elementor-column-gap-default\">\n\t\t\t\t\t<div class=\"elementor-column elementor-col-50 elementor-top-column elementor-element elementor-element-bf8b62e\" data-id=\"bf8b62e\" data-element_type=\"column\" data-e-type=\"column\">\n\t\t\t<div class=\"elementor-widget-wrap elementor-element-populated\">\n\t\t\t\t\t\t<div class=\"elementor-element elementor-element-ca73d97 elementor-widget elementor-widget-image\" data-id=\"ca73d97\" data-element_type=\"widget\" data-e-type=\"widget\" data-widget_type=\"image.default\">\n\t\t\t\t<div class=\"elementor-widget-container\">\n\t\t\t\t\t\t\t\t\t\t\t\t\t\t\t<img fetchpriority=\"high\" decoding=\"async\" width=\"350\" height=\"350\" src=\"https:\/\/www.litografivesuviani.com\/main\/wp-content\/uploads\/2022\/05\/mano-ragazzo-2_mod_luca5.png\" class=\"attachment-large size-large wp-image-1161\" alt=\"mai pi\u00f9 dentro\" srcset=\"https:\/\/www.litografivesuviani.com\/main\/wp-content\/uploads\/2022\/05\/mano-ragazzo-2_mod_luca5.png 350w, https:\/\/www.litografivesuviani.com\/main\/wp-content\/uploads\/2022\/05\/mano-ragazzo-2_mod_luca5-300x300.png 300w, https:\/\/www.litografivesuviani.com\/main\/wp-content\/uploads\/2022\/05\/mano-ragazzo-2_mod_luca5-150x150.png 150w, https:\/\/www.litografivesuviani.com\/main\/wp-content\/uploads\/2022\/05\/mano-ragazzo-2_mod_luca5-100x100.png 100w, https:\/\/www.litografivesuviani.com\/main\/wp-content\/uploads\/2022\/05\/mano-ragazzo-2_mod_luca5-250x250.png 250w\" sizes=\"(max-width: 767px) 89vw, (max-width: 1000px) 54vw, (max-width: 1071px) 543px, 580px\" \/>\t\t\t\t\t\t\t\t\t\t\t\t\t\t\t<\/div>\n\t\t\t\t<\/div>\n\t\t\t\t\t<\/div>\n\t\t<\/div>\n\t\t\t\t<div class=\"elementor-column elementor-col-50 elementor-top-column elementor-element elementor-element-be2dd30\" data-id=\"be2dd30\" data-element_type=\"column\" data-e-type=\"column\">\n\t\t\t<div class=\"elementor-widget-wrap elementor-element-populated\">\n\t\t\t\t\t\t<div class=\"elementor-element elementor-element-f0b5954 elementor-widget elementor-widget-text-editor\" data-id=\"f0b5954\" data-element_type=\"widget\" data-e-type=\"widget\" data-widget_type=\"text-editor.default\">\n\t\t\t\t<div class=\"elementor-widget-container\">\n\t\t\t\t\t\t\t\t\t<figure id=\"attachment_15\" class=\"wp-caption alignnone\" aria-describedby=\"caption-attachment-15\"><figcaption id=\"caption-attachment-15\" class=\"wp-caption-text\">\u201cMai pi\u00f9 dentro\u201d \u2013 Progetto di inserimento socio-lavorativo di pazienti<br \/>psichiatrici detenuti<\/figcaption><\/figure><p>Il Workshop ha promosso una discussione, attraverso uno scambio multidisciplinare e tecnico-operativo sulle esperienze locali, nazionali e europee,<\/p><p>intorno al tema della giustizia riparativa<\/p><p>\u201c un sistema complesso dove cura e giustizia operano parallelamente o in modo intersecato a favore delle persone che subiscono pregiudizio a seguito di un reato e di quelle responsabili di tale pregiudizio al fine di garantire riparazione a loro stessi, con il loro diretto coinvolgimento e con quello di enti del settore pubblico e privato in modo che anche la societ\u00e0 ne possa beneficiare.\u00a0 \u00a0 \u00a0 \u00a0 \u00a0 \u00a0 \u00a0 \u00a0 \u00a0 \u00a0 \u00a0 \u00a0 \u00a0 \u00a0 \u00a0 \u00a0 \u00a0 \u00a0 \u00a0 \u00a0 \u00a0 \u00a0 \u00a0 \u00a0 \u00a0 \u00a0 \u00a0 \u00a0 \u00a0 \u00a0 \u00a0 \u00a0 \u00a0 \u00a0 \u00a0 \u00a0 \u00a0 \u00a0 \u00a0 \u00a0 La giustizia riparativa si avvale dell\u2019opera di servizi da considerarsi essenziali di assistenza alle vittime e di quelli previsti per le persone condannate o sottoposte a procedimento penale nonch\u00e9 di facilitatori e mediatori \u201c (Rete Dafne Italia,2022).<\/p>\t\t\t\t\t\t\t\t<\/div>\n\t\t\t\t<\/div>\n\t\t\t\t\t<\/div>\n\t\t<\/div>\n\t\t\t\t\t<\/div>\n\t\t<\/section>\n\t\t\t\t<section class=\"elementor-section elementor-top-section elementor-element elementor-element-7a4f975 elementor-section-boxed elementor-section-height-default elementor-section-height-default wpr-particle-no wpr-jarallax-no wpr-parallax-no wpr-sticky-section-no wpr-equal-height-no\" data-id=\"7a4f975\" data-element_type=\"section\" data-e-type=\"section\">\n\t\t\t\t\t\t<div class=\"elementor-container elementor-column-gap-default\">\n\t\t\t\t\t<div class=\"elementor-column elementor-col-100 elementor-top-column elementor-element elementor-element-5b16da9\" data-id=\"5b16da9\" data-element_type=\"column\" data-e-type=\"column\">\n\t\t\t<div class=\"elementor-widget-wrap elementor-element-populated\">\n\t\t\t\t\t\t<div class=\"elementor-element elementor-element-6a5bbc1 elementor-widget elementor-widget-text-editor\" data-id=\"6a5bbc1\" data-element_type=\"widget\" data-e-type=\"widget\" data-widget_type=\"text-editor.default\">\n\t\t\t\t<div class=\"elementor-widget-container\">\n\t\t\t\t\t\t\t\t\t<p>L\u2019incontro \u00e8 stato presieduto e moderato\u00a0 dal Dott. Manlio Grimaldi, Associazione Diesis; Aperto con i saluti della Dott.ssa Candida Carrino Direttore Archivio di Stato di Napoli., dai Saluti Istituzionali dei Presidenti dei Tribunali Dott.ssa Elisabetta Garzo Presidente Tribunale Napoli,\u00a0 dal Dott. Carlo Borgomeo Presidente di Fondazione Con il Sud, dalla Dott.ssa Ornella Scognamiglio, Presidente Cooperativa sociale Litografi Vesuviani ente capofila del progetto \u201cMai pi\u00f9 dentro\u201d di Fondazione Con il Sud e dalla Dott.ssa Claudia Nannola, Direttore UIEPE Campania.<\/p>\t\t\t\t\t\t\t\t<\/div>\n\t\t\t\t<\/div>\n\t\t\t\t\t<\/div>\n\t\t<\/div>\n\t\t\t\t\t<\/div>\n\t\t<\/section>\n\t\t\t\t<section class=\"elementor-section elementor-top-section elementor-element elementor-element-96296c8 elementor-section-boxed elementor-section-height-default elementor-section-height-default wpr-particle-no wpr-jarallax-no wpr-parallax-no wpr-sticky-section-no wpr-equal-height-no\" data-id=\"96296c8\" data-element_type=\"section\" data-e-type=\"section\">\n\t\t\t\t\t\t<div class=\"elementor-container elementor-column-gap-default\">\n\t\t\t\t\t<div class=\"elementor-column elementor-col-100 elementor-top-column elementor-element elementor-element-7fe619c\" data-id=\"7fe619c\" data-element_type=\"column\" data-e-type=\"column\">\n\t\t\t<div class=\"elementor-widget-wrap elementor-element-populated\">\n\t\t\t\t\t\t<div class=\"elementor-element elementor-element-f86a8ed elementor-widget elementor-widget-image\" data-id=\"f86a8ed\" data-element_type=\"widget\" data-e-type=\"widget\" data-widget_type=\"image.default\">\n\t\t\t\t<div class=\"elementor-widget-container\">\n\t\t\t\t\t\t\t\t\t\t\t\t\t\t\t<img decoding=\"async\" width=\"525\" height=\"292\" src=\"https:\/\/www.litografivesuviani.com\/main\/wp-content\/uploads\/2022\/05\/WhatsApp-Image-2022-04-13-at-13.12.24-1.jpeg\" class=\"attachment-large size-large wp-image-1162\" alt=\"\" srcset=\"https:\/\/www.litografivesuviani.com\/main\/wp-content\/uploads\/2022\/05\/WhatsApp-Image-2022-04-13-at-13.12.24-1.jpeg 716w, https:\/\/www.litografivesuviani.com\/main\/wp-content\/uploads\/2022\/05\/WhatsApp-Image-2022-04-13-at-13.12.24-1-300x167.jpeg 300w, https:\/\/www.litografivesuviani.com\/main\/wp-content\/uploads\/2022\/05\/WhatsApp-Image-2022-04-13-at-13.12.24-1-350x195.jpeg 350w\" sizes=\"(max-width: 767px) 89vw, (max-width: 1000px) 54vw, (max-width: 1071px) 543px, 580px\" \/>\t\t\t\t\t\t\t\t\t\t\t\t\t\t\t<\/div>\n\t\t\t\t<\/div>\n\t\t\t\t\t<\/div>\n\t\t<\/div>\n\t\t\t\t\t<\/div>\n\t\t<\/section>\n\t\t\t\t<section class=\"elementor-section elementor-top-section elementor-element elementor-element-63e587d elementor-section-boxed elementor-section-height-default elementor-section-height-default wpr-particle-no wpr-jarallax-no wpr-parallax-no wpr-sticky-section-no wpr-equal-height-no\" data-id=\"63e587d\" data-element_type=\"section\" data-e-type=\"section\">\n\t\t\t\t\t\t<div class=\"elementor-container elementor-column-gap-default\">\n\t\t\t\t\t<div class=\"elementor-column elementor-col-100 elementor-top-column elementor-element elementor-element-c17fca5\" data-id=\"c17fca5\" data-element_type=\"column\" data-e-type=\"column\">\n\t\t\t<div class=\"elementor-widget-wrap elementor-element-populated\">\n\t\t\t\t\t\t<div class=\"elementor-element elementor-element-9dd6d90 elementor-widget elementor-widget-text-editor\" data-id=\"9dd6d90\" data-element_type=\"widget\" data-e-type=\"widget\" data-widget_type=\"text-editor.default\">\n\t\t\t\t<div class=\"elementor-widget-container\">\n\t\t\t\t\t\t\t\t\t<p>Sono intervenuti:<\/p><p>La Dott.ssa Monica Manfredi, Rete Dafne Italia e referente Rete Dafne Napoli, sull\u2019Assistenza alle vittime di reato, il Prof. Stefano Jossa, Professore di letteratura italiana all\u2019Universit\u00e0 degli Studi di Palermo sulla rappresentazione della vittima nell\u2019immaginario collettivo, la prof.ssa Mariavaleria del Tufo, Universit\u00e0 Suor Orsola Benincasa e il Dott.Raffaele Muzzica Magistrato presso il Tribunale Ordinario di Nola sulle direttive europee in materia di diritti, assistenza e protezione delle vittime di reato, della Dott.ssa Nunzia Brancati, Questura Napoli Sezione Anticrimine sulle statistiche dei reati della Questura di Napoli,<br \/>Nella seconda parte del Workshop sono susseguiti i\u00a0 gli interventi della Dott.ssa Francesca Salvatore, Associazione Di\u00ebsis sullo stato dell\u2019arte del servizio e gli Sportelli Rete Dafne Napoli, della Dott.ssa Gilda Panico, Presidente Ordine Assistenti Sociali sul mandato etico professionale degli operatori di Servizio Sociale, del Dott.Marco Puglia Magistrato presso il Tribunale di Sorveglianza di Napoli-S.M.Capua Vetere e del Dott.Silvio Masin di Opera Don Calabria con \u00a0la presentazione del progetto futuro di un centro integrato di Giustizia riparativa.<\/p>\t\t\t\t\t\t\t\t<\/div>\n\t\t\t\t<\/div>\n\t\t\t\t\t<\/div>\n\t\t<\/div>\n\t\t\t\t\t<\/div>\n\t\t<\/section>\n\t\t\t\t<section class=\"elementor-section elementor-top-section elementor-element elementor-element-4c85000 elementor-section-boxed elementor-section-height-default elementor-section-height-default wpr-particle-no wpr-jarallax-no wpr-parallax-no wpr-sticky-section-no wpr-equal-height-no\" data-id=\"4c85000\" data-element_type=\"section\" data-e-type=\"section\">\n\t\t\t\t\t\t<div class=\"elementor-container elementor-column-gap-default\">\n\t\t\t\t\t<div class=\"elementor-column elementor-col-50 elementor-top-column elementor-element elementor-element-4fd06ef\" data-id=\"4fd06ef\" data-element_type=\"column\" data-e-type=\"column\">\n\t\t\t<div class=\"elementor-widget-wrap elementor-element-populated\">\n\t\t\t\t\t\t<div class=\"elementor-element elementor-element-4cdb830 elementor-widget elementor-widget-image\" data-id=\"4cdb830\" data-element_type=\"widget\" data-e-type=\"widget\" data-widget_type=\"image.default\">\n\t\t\t\t<div class=\"elementor-widget-container\">\n\t\t\t\t\t\t\t\t\t\t\t\t\t\t\t<img decoding=\"async\" width=\"450\" height=\"800\" src=\"https:\/\/www.litografivesuviani.com\/main\/wp-content\/uploads\/2022\/05\/4867a25c-85ef-492d-be38-0ed6a92fb49b-450x800-1.jpg\" class=\"attachment-large size-large wp-image-1163\" alt=\"\" srcset=\"https:\/\/www.litografivesuviani.com\/main\/wp-content\/uploads\/2022\/05\/4867a25c-85ef-492d-be38-0ed6a92fb49b-450x800-1.jpg 450w, https:\/\/www.litografivesuviani.com\/main\/wp-content\/uploads\/2022\/05\/4867a25c-85ef-492d-be38-0ed6a92fb49b-450x800-1-169x300.jpg 169w, https:\/\/www.litografivesuviani.com\/main\/wp-content\/uploads\/2022\/05\/4867a25c-85ef-492d-be38-0ed6a92fb49b-450x800-1-350x622.jpg 350w\" sizes=\"(max-width: 767px) 89vw, (max-width: 1000px) 54vw, (max-width: 1071px) 543px, 580px\" \/>\t\t\t\t\t\t\t\t\t\t\t\t\t\t\t<\/div>\n\t\t\t\t<\/div>\n\t\t\t\t\t<\/div>\n\t\t<\/div>\n\t\t\t\t<div class=\"elementor-column elementor-col-50 elementor-top-column elementor-element elementor-element-d57e29f\" data-id=\"d57e29f\" data-element_type=\"column\" data-e-type=\"column\">\n\t\t\t<div class=\"elementor-widget-wrap elementor-element-populated\">\n\t\t\t\t\t\t<div class=\"elementor-element elementor-element-f215e14 elementor-widget elementor-widget-image\" data-id=\"f215e14\" data-element_type=\"widget\" data-e-type=\"widget\" data-widget_type=\"image.default\">\n\t\t\t\t<div class=\"elementor-widget-container\">\n\t\t\t\t\t\t\t\t\t\t\t\t\t\t\t<img loading=\"lazy\" decoding=\"async\" width=\"450\" height=\"800\" src=\"https:\/\/www.litografivesuviani.com\/main\/wp-content\/uploads\/2022\/05\/303398b9-2f5f-4c56-b08e-cea239b86017-450x800-1.jpg\" class=\"attachment-large size-large wp-image-1164\" alt=\"\" srcset=\"https:\/\/www.litografivesuviani.com\/main\/wp-content\/uploads\/2022\/05\/303398b9-2f5f-4c56-b08e-cea239b86017-450x800-1.jpg 450w, https:\/\/www.litografivesuviani.com\/main\/wp-content\/uploads\/2022\/05\/303398b9-2f5f-4c56-b08e-cea239b86017-450x800-1-169x300.jpg 169w, https:\/\/www.litografivesuviani.com\/main\/wp-content\/uploads\/2022\/05\/303398b9-2f5f-4c56-b08e-cea239b86017-450x800-1-350x622.jpg 350w\" sizes=\"(max-width: 767px) 89vw, (max-width: 1000px) 54vw, (max-width: 1071px) 543px, 580px\" \/>\t\t\t\t\t\t\t\t\t\t\t\t\t\t\t<\/div>\n\t\t\t\t<\/div>\n\t\t\t\t\t<\/div>\n\t\t<\/div>\n\t\t\t\t\t<\/div>\n\t\t<\/section>\n\t\t\t\t<\/div>\n\t\t","protected":false},"excerpt":{"rendered":"<p>Workshop \u201cLa giustizia riparativa nel rispetto della vittima\u201d . Il percorso di ripensamento critico e l\u2019attenzione alle vittime Marted\u00ec 12 Aprile 2022 dalle ore 09.00 alle ore 14.00, presso la Sala Filangieri Archivio di Stato di Napoli si \u00e8 tenuto il primo Workshop dedicato alla giustizia riparativa nel rispetto della vittima. Evento pubblico organizzato dall\u2019Associazione Diesis e dal UIEPE Napoli nell\u2019ambito del progetto \u201cMai pi\u00f9 dentro\u201d Cofinanziato dalla\u00a0 Fondazione CON IL SUD per l\u2019iniziativa Carceri 2019. L\u2019obiettivo del progetto \u00e8 quello di offrire lavoro, creando una reale possibilit\u00e0 di inclusione sociale e lavorativa a chi \u00e8 escluso per lo stigma della malattia mentale, amplificato per gli \u201cautori di reato\u201d. Il progetto \u201cMai pi\u00f9 dentro\u201d vede Litografi Vesuviani capofila di una partnership di Enti Pubblici e Privati come il Carcere di Secondigliano, il Carcere di Poggioreale, la ASL Napoli 3 sud, il UIEPE Napoli e Campania, il Comune di San Giorgio a Cremano, l\u2019Istituto Tecnico Carlo di Borbone, la Cooperativa Lavoro in Corsi, la Cooperativa Consul Service, UIEPE Napoli e l\u2019APS Diesis. \u201cMai pi\u00f9 dentro\u201d \u2013 Progetto di inserimento socio-lavorativo di pazientipsichiatrici detenuti Il Workshop ha promosso una discussione, attraverso uno scambio multidisciplinare e tecnico-operativo sulle esperienze locali, nazionali e europee, intorno al tema della giustizia riparativa \u201c un sistema complesso dove cura e giustizia operano parallelamente o in modo intersecato a favore delle persone che subiscono pregiudizio a seguito di un reato e di quelle responsabili di tale pregiudizio al fine di garantire riparazione a loro stessi, con il loro diretto coinvolgimento e con quello di enti del settore pubblico e privato in modo che anche la societ\u00e0 ne possa beneficiare.\u00a0 \u00a0 \u00a0 \u00a0 \u00a0 \u00a0 \u00a0 \u00a0 \u00a0 \u00a0 \u00a0 \u00a0 \u00a0 \u00a0 \u00a0 \u00a0 \u00a0 \u00a0 \u00a0 \u00a0 \u00a0 \u00a0 \u00a0 \u00a0 \u00a0 \u00a0 \u00a0 \u00a0 \u00a0 \u00a0 \u00a0 \u00a0 \u00a0 \u00a0 \u00a0 \u00a0 \u00a0 \u00a0 \u00a0 \u00a0 La giustizia riparativa si avvale dell\u2019opera di servizi da considerarsi essenziali di assistenza alle vittime e di quelli previsti per le persone condannate o sottoposte a procedimento penale nonch\u00e9 di facilitatori e mediatori \u201c (Rete Dafne Italia,2022). L\u2019incontro \u00e8 stato presieduto e moderato\u00a0 dal Dott. Manlio Grimaldi, Associazione Diesis; Aperto con i saluti della Dott.ssa Candida Carrino Direttore Archivio di Stato di Napoli., dai Saluti Istituzionali dei Presidenti dei Tribunali Dott.ssa Elisabetta Garzo Presidente Tribunale Napoli,\u00a0 dal Dott. Carlo Borgomeo Presidente di Fondazione Con il Sud, dalla Dott.ssa Ornella Scognamiglio, Presidente Cooperativa sociale Litografi Vesuviani ente capofila del progetto \u201cMai pi\u00f9 dentro\u201d di Fondazione Con il Sud e dalla Dott.ssa Claudia Nannola, Direttore UIEPE Campania. Sono intervenuti: La Dott.ssa Monica Manfredi, Rete Dafne Italia e referente Rete Dafne Napoli, sull\u2019Assistenza alle vittime di reato, il Prof. Stefano Jossa, Professore di letteratura italiana all\u2019Universit\u00e0 degli Studi di Palermo sulla rappresentazione della vittima nell\u2019immaginario collettivo, la prof.ssa Mariavaleria del Tufo, Universit\u00e0 Suor Orsola Benincasa e il Dott.Raffaele Muzzica Magistrato presso il Tribunale Ordinario di Nola sulle direttive europee in materia di diritti, assistenza e protezione delle vittime di reato, della Dott.ssa Nunzia Brancati, Questura Napoli Sezione Anticrimine sulle statistiche dei reati della Questura di Napoli,Nella seconda parte del Workshop sono susseguiti i\u00a0 gli interventi della Dott.ssa Francesca Salvatore, Associazione Di\u00ebsis sullo stato dell\u2019arte del servizio e gli Sportelli Rete Dafne Napoli, della Dott.ssa Gilda Panico, Presidente Ordine Assistenti Sociali sul mandato etico professionale degli operatori di Servizio Sociale, del Dott.Marco Puglia Magistrato presso il Tribunale di Sorveglianza di Napoli-S.M.Capua Vetere e del Dott.Silvio Masin di Opera Don Calabria con \u00a0la presentazione del progetto futuro di un centro integrato di Giustizia riparativa.<\/p>\n","protected":false},"author":1,"featured_media":1159,"comment_status":"open","ping_status":"open","sticky":false,"template":"elementor_header_footer","format":"standard","meta":{"give_campaign_id":0,"pgc_sgb_lightbox_settings":"","footnotes":""},"categories":[25],"tags":[],"class_list":["post-1158","post","type-post","status-publish","format-standard","has-post-thumbnail","hentry","category-blog"],"yoast_head":"<!-- This site is optimized with the Yoast SEO plugin v27.5 - https:\/\/yoast.com\/product\/yoast-seo-wordpress\/ -->\r\n<title>Workshop \u201cLa giustizia riparativa nel rispetto della vittima\u201d . Il percorso di ripensamento critico e l\u2019attenzione alle vittime - Litografi Vesuviani<\/title>\r\n<meta name=\"robots\" content=\"index, follow, max-snippet:-1, max-image-preview:large, max-video-preview:-1\" \/>\r\n<link rel=\"canonical\" href=\"https:\/\/www.litografivesuviani.com\/main\/2022\/05\/03\/workshop-la-giustizia-riparativa-nel-rispetto-della-vittima-il-percorso-di-ripensamento-critico-e-lattenzione-alle-vittime\/\" \/>\r\n<meta property=\"og:locale\" content=\"it_IT\" \/>\r\n<meta property=\"og:type\" content=\"article\" \/>\r\n<meta property=\"og:title\" content=\"Workshop \u201cLa giustizia riparativa nel rispetto della vittima\u201d . Il percorso di ripensamento critico e l\u2019attenzione alle vittime - Litografi Vesuviani\" \/>\r\n<meta property=\"og:description\" content=\"Workshop \u201cLa giustizia riparativa nel rispetto della vittima\u201d . Il percorso di ripensamento critico e l\u2019attenzione alle vittime Marted\u00ec 12 Aprile 2022 dalle ore 09.00 alle ore 14.00, presso la Sala Filangieri Archivio di Stato di Napoli si \u00e8 tenuto il primo Workshop dedicato alla giustizia riparativa nel rispetto della vittima. Evento pubblico organizzato dall\u2019Associazione Diesis e dal UIEPE Napoli nell\u2019ambito del progetto \u201cMai pi\u00f9 dentro\u201d Cofinanziato dalla\u00a0 Fondazione CON IL SUD per l\u2019iniziativa Carceri 2019. L\u2019obiettivo del progetto \u00e8 quello di offrire lavoro, creando una reale possibilit\u00e0 di inclusione sociale e lavorativa a chi \u00e8 escluso per lo stigma della malattia mentale, amplificato per gli \u201cautori di reato\u201d. Il progetto \u201cMai pi\u00f9 dentro\u201d vede Litografi Vesuviani capofila di una partnership di Enti Pubblici e Privati come il Carcere di Secondigliano, il Carcere di Poggioreale, la ASL Napoli 3 sud, il UIEPE Napoli e Campania, il Comune di San Giorgio a Cremano, l\u2019Istituto Tecnico Carlo di Borbone, la Cooperativa Lavoro in Corsi, la Cooperativa Consul Service, UIEPE Napoli e l\u2019APS Diesis. \u201cMai pi\u00f9 dentro\u201d \u2013 Progetto di inserimento socio-lavorativo di pazientipsichiatrici detenuti Il Workshop ha promosso una discussione, attraverso uno scambio multidisciplinare e tecnico-operativo sulle esperienze locali, nazionali e europee, intorno al tema della giustizia riparativa \u201c un sistema complesso dove cura e giustizia operano parallelamente o in modo intersecato a favore delle persone che subiscono pregiudizio a seguito di un reato e di quelle responsabili di tale pregiudizio al fine di garantire riparazione a loro stessi, con il loro diretto coinvolgimento e con quello di enti del settore pubblico e privato in modo che anche la societ\u00e0 ne possa beneficiare.\u00a0 \u00a0 \u00a0 \u00a0 \u00a0 \u00a0 \u00a0 \u00a0 \u00a0 \u00a0 \u00a0 \u00a0 \u00a0 \u00a0 \u00a0 \u00a0 \u00a0 \u00a0 \u00a0 \u00a0 \u00a0 \u00a0 \u00a0 \u00a0 \u00a0 \u00a0 \u00a0 \u00a0 \u00a0 \u00a0 \u00a0 \u00a0 \u00a0 \u00a0 \u00a0 \u00a0 \u00a0 \u00a0 \u00a0 \u00a0 La giustizia riparativa si avvale dell\u2019opera di servizi da considerarsi essenziali di assistenza alle vittime e di quelli previsti per le persone condannate o sottoposte a procedimento penale nonch\u00e9 di facilitatori e mediatori \u201c (Rete Dafne Italia,2022). L\u2019incontro \u00e8 stato presieduto e moderato\u00a0 dal Dott. Manlio Grimaldi, Associazione Diesis; Aperto con i saluti della Dott.ssa Candida Carrino Direttore Archivio di Stato di Napoli., dai Saluti Istituzionali dei Presidenti dei Tribunali Dott.ssa Elisabetta Garzo Presidente Tribunale Napoli,\u00a0 dal Dott. Carlo Borgomeo Presidente di Fondazione Con il Sud, dalla Dott.ssa Ornella Scognamiglio, Presidente Cooperativa sociale Litografi Vesuviani ente capofila del progetto \u201cMai pi\u00f9 dentro\u201d di Fondazione Con il Sud e dalla Dott.ssa Claudia Nannola, Direttore UIEPE Campania. Sono intervenuti: La Dott.ssa Monica Manfredi, Rete Dafne Italia e referente Rete Dafne Napoli, sull\u2019Assistenza alle vittime di reato, il Prof. Stefano Jossa, Professore di letteratura italiana all\u2019Universit\u00e0 degli Studi di Palermo sulla rappresentazione della vittima nell\u2019immaginario collettivo, la prof.ssa Mariavaleria del Tufo, Universit\u00e0 Suor Orsola Benincasa e il Dott.Raffaele Muzzica Magistrato presso il Tribunale Ordinario di Nola sulle direttive europee in materia di diritti, assistenza e protezione delle vittime di reato, della Dott.ssa Nunzia Brancati, Questura Napoli Sezione Anticrimine sulle statistiche dei reati della Questura di Napoli,Nella seconda parte del Workshop sono susseguiti i\u00a0 gli interventi della Dott.ssa Francesca Salvatore, Associazione Di\u00ebsis sullo stato dell\u2019arte del servizio e gli Sportelli Rete Dafne Napoli, della Dott.ssa Gilda Panico, Presidente Ordine Assistenti Sociali sul mandato etico professionale degli operatori di Servizio Sociale, del Dott.Marco Puglia Magistrato presso il Tribunale di Sorveglianza di Napoli-S.M.Capua Vetere e del Dott.Silvio Masin di Opera Don Calabria con \u00a0la presentazione del progetto futuro di un centro integrato di Giustizia riparativa.\" \/>\r\n<meta property=\"og:url\" content=\"https:\/\/www.litografivesuviani.com\/main\/2022\/05\/03\/workshop-la-giustizia-riparativa-nel-rispetto-della-vittima-il-percorso-di-ripensamento-critico-e-lattenzione-alle-vittime\/\" \/>\r\n<meta property=\"og:site_name\" content=\"Litografi Vesuviani\" \/>\r\n<meta property=\"article:publisher\" content=\"https:\/\/www.facebook.com\/Litografi.Vesuviani\" \/>\r\n<meta property=\"article:published_time\" content=\"2022-05-03T14:14:26+00:00\" \/>\r\n<meta property=\"article:modified_time\" content=\"2022-05-03T14:21:41+00:00\" \/>\r\n<meta property=\"og:image\" content=\"https:\/\/www.litografivesuviani.com\/main\/wp-content\/uploads\/2022\/05\/invito-evento-566x800-1.jpg\" \/>\r\n\t<meta property=\"og:image:width\" content=\"566\" \/>\r\n\t<meta property=\"og:image:height\" content=\"800\" \/>\r\n\t<meta property=\"og:image:type\" content=\"image\/jpeg\" \/>\r\n<meta name=\"author\" content=\"lito\" \/>\r\n<meta name=\"twitter:card\" content=\"summary_large_image\" \/>\r\n<meta name=\"twitter:creator\" content=\"@litovesuviani\" \/>\r\n<meta name=\"twitter:site\" content=\"@litovesuviani\" \/>\r\n<meta name=\"twitter:label1\" content=\"Scritto da\" \/>\n\t<meta name=\"twitter:data1\" content=\"lito\" \/>\n\t<meta name=\"twitter:label2\" content=\"Tempo di lettura stimato\" \/>\n\t<meta name=\"twitter:data2\" content=\"3 minuti\" \/>\r\n<script type=\"application\/ld+json\" class=\"yoast-schema-graph\">{\"@context\":\"https:\\\/\\\/schema.org\",\"@graph\":[{\"@type\":\"Article\",\"@id\":\"https:\\\/\\\/www.litografivesuviani.com\\\/main\\\/2022\\\/05\\\/03\\\/workshop-la-giustizia-riparativa-nel-rispetto-della-vittima-il-percorso-di-ripensamento-critico-e-lattenzione-alle-vittime\\\/#article\",\"isPartOf\":{\"@id\":\"https:\\\/\\\/www.litografivesuviani.com\\\/main\\\/2022\\\/05\\\/03\\\/workshop-la-giustizia-riparativa-nel-rispetto-della-vittima-il-percorso-di-ripensamento-critico-e-lattenzione-alle-vittime\\\/\"},\"author\":{\"name\":\"lito\",\"@id\":\"https:\\\/\\\/www.litografivesuviani.com\\\/main\\\/#\\\/schema\\\/person\\\/2315d431458d11f384d550d50cd1cfcb\"},\"headline\":\"Workshop \u201cLa giustizia riparativa nel rispetto della vittima\u201d . Il percorso di ripensamento critico e l\u2019attenzione alle vittime\",\"datePublished\":\"2022-05-03T14:14:26+00:00\",\"dateModified\":\"2022-05-03T14:21:41+00:00\",\"mainEntityOfPage\":{\"@id\":\"https:\\\/\\\/www.litografivesuviani.com\\\/main\\\/2022\\\/05\\\/03\\\/workshop-la-giustizia-riparativa-nel-rispetto-della-vittima-il-percorso-di-ripensamento-critico-e-lattenzione-alle-vittime\\\/\"},\"wordCount\":583,\"commentCount\":0,\"publisher\":{\"@id\":\"https:\\\/\\\/www.litografivesuviani.com\\\/main\\\/#organization\"},\"image\":{\"@id\":\"https:\\\/\\\/www.litografivesuviani.com\\\/main\\\/2022\\\/05\\\/03\\\/workshop-la-giustizia-riparativa-nel-rispetto-della-vittima-il-percorso-di-ripensamento-critico-e-lattenzione-alle-vittime\\\/#primaryimage\"},\"thumbnailUrl\":\"https:\\\/\\\/www.litografivesuviani.com\\\/main\\\/wp-content\\\/uploads\\\/2022\\\/05\\\/invito-evento-566x800-1.jpg\",\"articleSection\":[\"blog\"],\"inLanguage\":\"it-IT\",\"potentialAction\":[{\"@type\":\"CommentAction\",\"name\":\"Comment\",\"target\":[\"https:\\\/\\\/www.litografivesuviani.com\\\/main\\\/2022\\\/05\\\/03\\\/workshop-la-giustizia-riparativa-nel-rispetto-della-vittima-il-percorso-di-ripensamento-critico-e-lattenzione-alle-vittime\\\/#respond\"]}]},{\"@type\":\"WebPage\",\"@id\":\"https:\\\/\\\/www.litografivesuviani.com\\\/main\\\/2022\\\/05\\\/03\\\/workshop-la-giustizia-riparativa-nel-rispetto-della-vittima-il-percorso-di-ripensamento-critico-e-lattenzione-alle-vittime\\\/\",\"url\":\"https:\\\/\\\/www.litografivesuviani.com\\\/main\\\/2022\\\/05\\\/03\\\/workshop-la-giustizia-riparativa-nel-rispetto-della-vittima-il-percorso-di-ripensamento-critico-e-lattenzione-alle-vittime\\\/\",\"name\":\"Workshop \u201cLa giustizia riparativa nel rispetto della vittima\u201d . Il percorso di ripensamento critico e l\u2019attenzione alle vittime - Litografi Vesuviani\",\"isPartOf\":{\"@id\":\"https:\\\/\\\/www.litografivesuviani.com\\\/main\\\/#website\"},\"primaryImageOfPage\":{\"@id\":\"https:\\\/\\\/www.litografivesuviani.com\\\/main\\\/2022\\\/05\\\/03\\\/workshop-la-giustizia-riparativa-nel-rispetto-della-vittima-il-percorso-di-ripensamento-critico-e-lattenzione-alle-vittime\\\/#primaryimage\"},\"image\":{\"@id\":\"https:\\\/\\\/www.litografivesuviani.com\\\/main\\\/2022\\\/05\\\/03\\\/workshop-la-giustizia-riparativa-nel-rispetto-della-vittima-il-percorso-di-ripensamento-critico-e-lattenzione-alle-vittime\\\/#primaryimage\"},\"thumbnailUrl\":\"https:\\\/\\\/www.litografivesuviani.com\\\/main\\\/wp-content\\\/uploads\\\/2022\\\/05\\\/invito-evento-566x800-1.jpg\",\"datePublished\":\"2022-05-03T14:14:26+00:00\",\"dateModified\":\"2022-05-03T14:21:41+00:00\",\"breadcrumb\":{\"@id\":\"https:\\\/\\\/www.litografivesuviani.com\\\/main\\\/2022\\\/05\\\/03\\\/workshop-la-giustizia-riparativa-nel-rispetto-della-vittima-il-percorso-di-ripensamento-critico-e-lattenzione-alle-vittime\\\/#breadcrumb\"},\"inLanguage\":\"it-IT\",\"potentialAction\":[{\"@type\":\"ReadAction\",\"target\":[\"https:\\\/\\\/www.litografivesuviani.com\\\/main\\\/2022\\\/05\\\/03\\\/workshop-la-giustizia-riparativa-nel-rispetto-della-vittima-il-percorso-di-ripensamento-critico-e-lattenzione-alle-vittime\\\/\"]}]},{\"@type\":\"ImageObject\",\"inLanguage\":\"it-IT\",\"@id\":\"https:\\\/\\\/www.litografivesuviani.com\\\/main\\\/2022\\\/05\\\/03\\\/workshop-la-giustizia-riparativa-nel-rispetto-della-vittima-il-percorso-di-ripensamento-critico-e-lattenzione-alle-vittime\\\/#primaryimage\",\"url\":\"https:\\\/\\\/www.litografivesuviani.com\\\/main\\\/wp-content\\\/uploads\\\/2022\\\/05\\\/invito-evento-566x800-1.jpg\",\"contentUrl\":\"https:\\\/\\\/www.litografivesuviani.com\\\/main\\\/wp-content\\\/uploads\\\/2022\\\/05\\\/invito-evento-566x800-1.jpg\",\"width\":566,\"height\":800,\"caption\":\"Workshop \u201cLa giustizia riparativa nel rispetto della vittima\u201d . Il percorso di ripensamento critico e l\u2019attenzione alle vittime\"},{\"@type\":\"BreadcrumbList\",\"@id\":\"https:\\\/\\\/www.litografivesuviani.com\\\/main\\\/2022\\\/05\\\/03\\\/workshop-la-giustizia-riparativa-nel-rispetto-della-vittima-il-percorso-di-ripensamento-critico-e-lattenzione-alle-vittime\\\/#breadcrumb\",\"itemListElement\":[{\"@type\":\"ListItem\",\"position\":1,\"name\":\"Home\",\"item\":\"https:\\\/\\\/www.litografivesuviani.com\\\/main\\\/\"},{\"@type\":\"ListItem\",\"position\":2,\"name\":\"Workshop \u201cLa giustizia riparativa nel rispetto della vittima\u201d . Il percorso di ripensamento critico e l\u2019attenzione alle vittime\"}]},{\"@type\":\"WebSite\",\"@id\":\"https:\\\/\\\/www.litografivesuviani.com\\\/main\\\/#website\",\"url\":\"https:\\\/\\\/www.litografivesuviani.com\\\/main\\\/\",\"name\":\"Litografi Vesuviani\",\"description\":\"\",\"publisher\":{\"@id\":\"https:\\\/\\\/www.litografivesuviani.com\\\/main\\\/#organization\"},\"potentialAction\":[{\"@type\":\"SearchAction\",\"target\":{\"@type\":\"EntryPoint\",\"urlTemplate\":\"https:\\\/\\\/www.litografivesuviani.com\\\/main\\\/?s={search_term_string}\"},\"query-input\":{\"@type\":\"PropertyValueSpecification\",\"valueRequired\":true,\"valueName\":\"search_term_string\"}}],\"inLanguage\":\"it-IT\"},{\"@type\":\"Organization\",\"@id\":\"https:\\\/\\\/www.litografivesuviani.com\\\/main\\\/#organization\",\"name\":\"Litografi Vesuviani - Servizi Salute e Lavoro - Soc. Coop. Soc. a r.l.\",\"url\":\"https:\\\/\\\/www.litografivesuviani.com\\\/main\\\/\",\"logo\":{\"@type\":\"ImageObject\",\"inLanguage\":\"it-IT\",\"@id\":\"https:\\\/\\\/www.litografivesuviani.com\\\/main\\\/#\\\/schema\\\/logo\\\/image\\\/\",\"url\":\"https:\\\/\\\/www.litografivesuviani.com\\\/main\\\/wp-content\\\/uploads\\\/2022\\\/04\\\/cropped-logo_quadrato.png\",\"contentUrl\":\"https:\\\/\\\/www.litografivesuviani.com\\\/main\\\/wp-content\\\/uploads\\\/2022\\\/04\\\/cropped-logo_quadrato.png\",\"width\":512,\"height\":512,\"caption\":\"Litografi Vesuviani - Servizi Salute e Lavoro - Soc. Coop. Soc. a r.l.\"},\"image\":{\"@id\":\"https:\\\/\\\/www.litografivesuviani.com\\\/main\\\/#\\\/schema\\\/logo\\\/image\\\/\"},\"sameAs\":[\"https:\\\/\\\/www.facebook.com\\\/Litografi.Vesuviani\",\"https:\\\/\\\/x.com\\\/litovesuviani\",\"https:\\\/\\\/www.instagram.com\\\/litografivesuviani\",\"https:\\\/\\\/www.youtube.com\\\/channel\\\/UCjA6m1P7docgpva_Mn2OXBQ\",\"https:\\\/\\\/it.linkedin.com\\\/company\\\/litografi-vesuviani-cooperativa-sociale\"]},{\"@type\":\"Person\",\"@id\":\"https:\\\/\\\/www.litografivesuviani.com\\\/main\\\/#\\\/schema\\\/person\\\/2315d431458d11f384d550d50cd1cfcb\",\"name\":\"lito\",\"image\":{\"@type\":\"ImageObject\",\"inLanguage\":\"it-IT\",\"@id\":\"https:\\\/\\\/secure.gravatar.com\\\/avatar\\\/c7ceba2bb91beb8fb2ea31c1554504d1284e288f28dd1327f9497ac525b1b48b?s=96&d=mm&r=g\",\"url\":\"https:\\\/\\\/secure.gravatar.com\\\/avatar\\\/c7ceba2bb91beb8fb2ea31c1554504d1284e288f28dd1327f9497ac525b1b48b?s=96&d=mm&r=g\",\"contentUrl\":\"https:\\\/\\\/secure.gravatar.com\\\/avatar\\\/c7ceba2bb91beb8fb2ea31c1554504d1284e288f28dd1327f9497ac525b1b48b?s=96&d=mm&r=g\",\"caption\":\"lito\"},\"sameAs\":[\"https:\\\/\\\/www.litografivesuviani.com\\\/main\"],\"url\":\"https:\\\/\\\/www.litografivesuviani.com\\\/main\\\/author\\\/lito\\\/\"}]}<\/script>\r\n<!-- \/ Yoast SEO plugin. -->","yoast_head_json":{"title":"Workshop \u201cLa giustizia riparativa nel rispetto della vittima\u201d . Il percorso di ripensamento critico e l\u2019attenzione alle vittime - Litografi Vesuviani","robots":{"index":"index","follow":"follow","max-snippet":"max-snippet:-1","max-image-preview":"max-image-preview:large","max-video-preview":"max-video-preview:-1"},"canonical":"https:\/\/www.litografivesuviani.com\/main\/2022\/05\/03\/workshop-la-giustizia-riparativa-nel-rispetto-della-vittima-il-percorso-di-ripensamento-critico-e-lattenzione-alle-vittime\/","og_locale":"it_IT","og_type":"article","og_title":"Workshop \u201cLa giustizia riparativa nel rispetto della vittima\u201d . Il percorso di ripensamento critico e l\u2019attenzione alle vittime - Litografi Vesuviani","og_description":"Workshop \u201cLa giustizia riparativa nel rispetto della vittima\u201d . Il percorso di ripensamento critico e l\u2019attenzione alle vittime Marted\u00ec 12 Aprile 2022 dalle ore 09.00 alle ore 14.00, presso la Sala Filangieri Archivio di Stato di Napoli si \u00e8 tenuto il primo Workshop dedicato alla giustizia riparativa nel rispetto della vittima. Evento pubblico organizzato dall\u2019Associazione Diesis e dal UIEPE Napoli nell\u2019ambito del progetto \u201cMai pi\u00f9 dentro\u201d Cofinanziato dalla\u00a0 Fondazione CON IL SUD per l\u2019iniziativa Carceri 2019. L\u2019obiettivo del progetto \u00e8 quello di offrire lavoro, creando una reale possibilit\u00e0 di inclusione sociale e lavorativa a chi \u00e8 escluso per lo stigma della malattia mentale, amplificato per gli \u201cautori di reato\u201d. Il progetto \u201cMai pi\u00f9 dentro\u201d vede Litografi Vesuviani capofila di una partnership di Enti Pubblici e Privati come il Carcere di Secondigliano, il Carcere di Poggioreale, la ASL Napoli 3 sud, il UIEPE Napoli e Campania, il Comune di San Giorgio a Cremano, l\u2019Istituto Tecnico Carlo di Borbone, la Cooperativa Lavoro in Corsi, la Cooperativa Consul Service, UIEPE Napoli e l\u2019APS Diesis. \u201cMai pi\u00f9 dentro\u201d \u2013 Progetto di inserimento socio-lavorativo di pazientipsichiatrici detenuti Il Workshop ha promosso una discussione, attraverso uno scambio multidisciplinare e tecnico-operativo sulle esperienze locali, nazionali e europee, intorno al tema della giustizia riparativa \u201c un sistema complesso dove cura e giustizia operano parallelamente o in modo intersecato a favore delle persone che subiscono pregiudizio a seguito di un reato e di quelle responsabili di tale pregiudizio al fine di garantire riparazione a loro stessi, con il loro diretto coinvolgimento e con quello di enti del settore pubblico e privato in modo che anche la societ\u00e0 ne possa beneficiare.\u00a0 \u00a0 \u00a0 \u00a0 \u00a0 \u00a0 \u00a0 \u00a0 \u00a0 \u00a0 \u00a0 \u00a0 \u00a0 \u00a0 \u00a0 \u00a0 \u00a0 \u00a0 \u00a0 \u00a0 \u00a0 \u00a0 \u00a0 \u00a0 \u00a0 \u00a0 \u00a0 \u00a0 \u00a0 \u00a0 \u00a0 \u00a0 \u00a0 \u00a0 \u00a0 \u00a0 \u00a0 \u00a0 \u00a0 \u00a0 La giustizia riparativa si avvale dell\u2019opera di servizi da considerarsi essenziali di assistenza alle vittime e di quelli previsti per le persone condannate o sottoposte a procedimento penale nonch\u00e9 di facilitatori e mediatori \u201c (Rete Dafne Italia,2022). L\u2019incontro \u00e8 stato presieduto e moderato\u00a0 dal Dott. Manlio Grimaldi, Associazione Diesis; Aperto con i saluti della Dott.ssa Candida Carrino Direttore Archivio di Stato di Napoli., dai Saluti Istituzionali dei Presidenti dei Tribunali Dott.ssa Elisabetta Garzo Presidente Tribunale Napoli,\u00a0 dal Dott. Carlo Borgomeo Presidente di Fondazione Con il Sud, dalla Dott.ssa Ornella Scognamiglio, Presidente Cooperativa sociale Litografi Vesuviani ente capofila del progetto \u201cMai pi\u00f9 dentro\u201d di Fondazione Con il Sud e dalla Dott.ssa Claudia Nannola, Direttore UIEPE Campania. Sono intervenuti: La Dott.ssa Monica Manfredi, Rete Dafne Italia e referente Rete Dafne Napoli, sull\u2019Assistenza alle vittime di reato, il Prof. Stefano Jossa, Professore di letteratura italiana all\u2019Universit\u00e0 degli Studi di Palermo sulla rappresentazione della vittima nell\u2019immaginario collettivo, la prof.ssa Mariavaleria del Tufo, Universit\u00e0 Suor Orsola Benincasa e il Dott.Raffaele Muzzica Magistrato presso il Tribunale Ordinario di Nola sulle direttive europee in materia di diritti, assistenza e protezione delle vittime di reato, della Dott.ssa Nunzia Brancati, Questura Napoli Sezione Anticrimine sulle statistiche dei reati della Questura di Napoli,Nella seconda parte del Workshop sono susseguiti i\u00a0 gli interventi della Dott.ssa Francesca Salvatore, Associazione Di\u00ebsis sullo stato dell\u2019arte del servizio e gli Sportelli Rete Dafne Napoli, della Dott.ssa Gilda Panico, Presidente Ordine Assistenti Sociali sul mandato etico professionale degli operatori di Servizio Sociale, del Dott.Marco Puglia Magistrato presso il Tribunale di Sorveglianza di Napoli-S.M.Capua Vetere e del Dott.Silvio Masin di Opera Don Calabria con \u00a0la presentazione del progetto futuro di un centro integrato di Giustizia riparativa.","og_url":"https:\/\/www.litografivesuviani.com\/main\/2022\/05\/03\/workshop-la-giustizia-riparativa-nel-rispetto-della-vittima-il-percorso-di-ripensamento-critico-e-lattenzione-alle-vittime\/","og_site_name":"Litografi Vesuviani","article_publisher":"https:\/\/www.facebook.com\/Litografi.Vesuviani","article_published_time":"2022-05-03T14:14:26+00:00","article_modified_time":"2022-05-03T14:21:41+00:00","og_image":[{"width":566,"height":800,"url":"https:\/\/www.litografivesuviani.com\/main\/wp-content\/uploads\/2022\/05\/invito-evento-566x800-1.jpg","type":"image\/jpeg"}],"author":"lito","twitter_card":"summary_large_image","twitter_creator":"@litovesuviani","twitter_site":"@litovesuviani","twitter_misc":{"Scritto da":"lito","Tempo di lettura stimato":"3 minuti"},"schema":{"@context":"https:\/\/schema.org","@graph":[{"@type":"Article","@id":"https:\/\/www.litografivesuviani.com\/main\/2022\/05\/03\/workshop-la-giustizia-riparativa-nel-rispetto-della-vittima-il-percorso-di-ripensamento-critico-e-lattenzione-alle-vittime\/#article","isPartOf":{"@id":"https:\/\/www.litografivesuviani.com\/main\/2022\/05\/03\/workshop-la-giustizia-riparativa-nel-rispetto-della-vittima-il-percorso-di-ripensamento-critico-e-lattenzione-alle-vittime\/"},"author":{"name":"lito","@id":"https:\/\/www.litografivesuviani.com\/main\/#\/schema\/person\/2315d431458d11f384d550d50cd1cfcb"},"headline":"Workshop \u201cLa giustizia riparativa nel rispetto della vittima\u201d . Il percorso di ripensamento critico e l\u2019attenzione alle vittime","datePublished":"2022-05-03T14:14:26+00:00","dateModified":"2022-05-03T14:21:41+00:00","mainEntityOfPage":{"@id":"https:\/\/www.litografivesuviani.com\/main\/2022\/05\/03\/workshop-la-giustizia-riparativa-nel-rispetto-della-vittima-il-percorso-di-ripensamento-critico-e-lattenzione-alle-vittime\/"},"wordCount":583,"commentCount":0,"publisher":{"@id":"https:\/\/www.litografivesuviani.com\/main\/#organization"},"image":{"@id":"https:\/\/www.litografivesuviani.com\/main\/2022\/05\/03\/workshop-la-giustizia-riparativa-nel-rispetto-della-vittima-il-percorso-di-ripensamento-critico-e-lattenzione-alle-vittime\/#primaryimage"},"thumbnailUrl":"https:\/\/www.litografivesuviani.com\/main\/wp-content\/uploads\/2022\/05\/invito-evento-566x800-1.jpg","articleSection":["blog"],"inLanguage":"it-IT","potentialAction":[{"@type":"CommentAction","name":"Comment","target":["https:\/\/www.litografivesuviani.com\/main\/2022\/05\/03\/workshop-la-giustizia-riparativa-nel-rispetto-della-vittima-il-percorso-di-ripensamento-critico-e-lattenzione-alle-vittime\/#respond"]}]},{"@type":"WebPage","@id":"https:\/\/www.litografivesuviani.com\/main\/2022\/05\/03\/workshop-la-giustizia-riparativa-nel-rispetto-della-vittima-il-percorso-di-ripensamento-critico-e-lattenzione-alle-vittime\/","url":"https:\/\/www.litografivesuviani.com\/main\/2022\/05\/03\/workshop-la-giustizia-riparativa-nel-rispetto-della-vittima-il-percorso-di-ripensamento-critico-e-lattenzione-alle-vittime\/","name":"Workshop \u201cLa giustizia riparativa nel rispetto della vittima\u201d . Il percorso di ripensamento critico e l\u2019attenzione alle vittime - Litografi Vesuviani","isPartOf":{"@id":"https:\/\/www.litografivesuviani.com\/main\/#website"},"primaryImageOfPage":{"@id":"https:\/\/www.litografivesuviani.com\/main\/2022\/05\/03\/workshop-la-giustizia-riparativa-nel-rispetto-della-vittima-il-percorso-di-ripensamento-critico-e-lattenzione-alle-vittime\/#primaryimage"},"image":{"@id":"https:\/\/www.litografivesuviani.com\/main\/2022\/05\/03\/workshop-la-giustizia-riparativa-nel-rispetto-della-vittima-il-percorso-di-ripensamento-critico-e-lattenzione-alle-vittime\/#primaryimage"},"thumbnailUrl":"https:\/\/www.litografivesuviani.com\/main\/wp-content\/uploads\/2022\/05\/invito-evento-566x800-1.jpg","datePublished":"2022-05-03T14:14:26+00:00","dateModified":"2022-05-03T14:21:41+00:00","breadcrumb":{"@id":"https:\/\/www.litografivesuviani.com\/main\/2022\/05\/03\/workshop-la-giustizia-riparativa-nel-rispetto-della-vittima-il-percorso-di-ripensamento-critico-e-lattenzione-alle-vittime\/#breadcrumb"},"inLanguage":"it-IT","potentialAction":[{"@type":"ReadAction","target":["https:\/\/www.litografivesuviani.com\/main\/2022\/05\/03\/workshop-la-giustizia-riparativa-nel-rispetto-della-vittima-il-percorso-di-ripensamento-critico-e-lattenzione-alle-vittime\/"]}]},{"@type":"ImageObject","inLanguage":"it-IT","@id":"https:\/\/www.litografivesuviani.com\/main\/2022\/05\/03\/workshop-la-giustizia-riparativa-nel-rispetto-della-vittima-il-percorso-di-ripensamento-critico-e-lattenzione-alle-vittime\/#primaryimage","url":"https:\/\/www.litografivesuviani.com\/main\/wp-content\/uploads\/2022\/05\/invito-evento-566x800-1.jpg","contentUrl":"https:\/\/www.litografivesuviani.com\/main\/wp-content\/uploads\/2022\/05\/invito-evento-566x800-1.jpg","width":566,"height":800,"caption":"Workshop \u201cLa giustizia riparativa nel rispetto della vittima\u201d . Il percorso di ripensamento critico e l\u2019attenzione alle vittime"},{"@type":"BreadcrumbList","@id":"https:\/\/www.litografivesuviani.com\/main\/2022\/05\/03\/workshop-la-giustizia-riparativa-nel-rispetto-della-vittima-il-percorso-di-ripensamento-critico-e-lattenzione-alle-vittime\/#breadcrumb","itemListElement":[{"@type":"ListItem","position":1,"name":"Home","item":"https:\/\/www.litografivesuviani.com\/main\/"},{"@type":"ListItem","position":2,"name":"Workshop \u201cLa giustizia riparativa nel rispetto della vittima\u201d . Il percorso di ripensamento critico e l\u2019attenzione alle vittime"}]},{"@type":"WebSite","@id":"https:\/\/www.litografivesuviani.com\/main\/#website","url":"https:\/\/www.litografivesuviani.com\/main\/","name":"Litografi Vesuviani","description":"","publisher":{"@id":"https:\/\/www.litografivesuviani.com\/main\/#organization"},"potentialAction":[{"@type":"SearchAction","target":{"@type":"EntryPoint","urlTemplate":"https:\/\/www.litografivesuviani.com\/main\/?s={search_term_string}"},"query-input":{"@type":"PropertyValueSpecification","valueRequired":true,"valueName":"search_term_string"}}],"inLanguage":"it-IT"},{"@type":"Organization","@id":"https:\/\/www.litografivesuviani.com\/main\/#organization","name":"Litografi Vesuviani - Servizi Salute e Lavoro - Soc. Coop. Soc. a r.l.","url":"https:\/\/www.litografivesuviani.com\/main\/","logo":{"@type":"ImageObject","inLanguage":"it-IT","@id":"https:\/\/www.litografivesuviani.com\/main\/#\/schema\/logo\/image\/","url":"https:\/\/www.litografivesuviani.com\/main\/wp-content\/uploads\/2022\/04\/cropped-logo_quadrato.png","contentUrl":"https:\/\/www.litografivesuviani.com\/main\/wp-content\/uploads\/2022\/04\/cropped-logo_quadrato.png","width":512,"height":512,"caption":"Litografi Vesuviani - Servizi Salute e Lavoro - Soc. Coop. Soc. a r.l."},"image":{"@id":"https:\/\/www.litografivesuviani.com\/main\/#\/schema\/logo\/image\/"},"sameAs":["https:\/\/www.facebook.com\/Litografi.Vesuviani","https:\/\/x.com\/litovesuviani","https:\/\/www.instagram.com\/litografivesuviani","https:\/\/www.youtube.com\/channel\/UCjA6m1P7docgpva_Mn2OXBQ","https:\/\/it.linkedin.com\/company\/litografi-vesuviani-cooperativa-sociale"]},{"@type":"Person","@id":"https:\/\/www.litografivesuviani.com\/main\/#\/schema\/person\/2315d431458d11f384d550d50cd1cfcb","name":"lito","image":{"@type":"ImageObject","inLanguage":"it-IT","@id":"https:\/\/secure.gravatar.com\/avatar\/c7ceba2bb91beb8fb2ea31c1554504d1284e288f28dd1327f9497ac525b1b48b?s=96&d=mm&r=g","url":"https:\/\/secure.gravatar.com\/avatar\/c7ceba2bb91beb8fb2ea31c1554504d1284e288f28dd1327f9497ac525b1b48b?s=96&d=mm&r=g","contentUrl":"https:\/\/secure.gravatar.com\/avatar\/c7ceba2bb91beb8fb2ea31c1554504d1284e288f28dd1327f9497ac525b1b48b?s=96&d=mm&r=g","caption":"lito"},"sameAs":["https:\/\/www.litografivesuviani.com\/main"],"url":"https:\/\/www.litografivesuviani.com\/main\/author\/lito\/"}]}},"_links":{"self":[{"href":"https:\/\/www.litografivesuviani.com\/main\/wp-json\/wp\/v2\/posts\/1158","targetHints":{"allow":["GET"]}}],"collection":[{"href":"https:\/\/www.litografivesuviani.com\/main\/wp-json\/wp\/v2\/posts"}],"about":[{"href":"https:\/\/www.litografivesuviani.com\/main\/wp-json\/wp\/v2\/types\/post"}],"author":[{"embeddable":true,"href":"https:\/\/www.litografivesuviani.com\/main\/wp-json\/wp\/v2\/users\/1"}],"replies":[{"embeddable":true,"href":"https:\/\/www.litografivesuviani.com\/main\/wp-json\/wp\/v2\/comments?post=1158"}],"version-history":[{"count":4,"href":"https:\/\/www.litografivesuviani.com\/main\/wp-json\/wp\/v2\/posts\/1158\/revisions"}],"predecessor-version":[{"id":1167,"href":"https:\/\/www.litografivesuviani.com\/main\/wp-json\/wp\/v2\/posts\/1158\/revisions\/1167"}],"wp:featuredmedia":[{"embeddable":true,"href":"https:\/\/www.litografivesuviani.com\/main\/wp-json\/wp\/v2\/media\/1159"}],"wp:attachment":[{"href":"https:\/\/www.litografivesuviani.com\/main\/wp-json\/wp\/v2\/media?parent=1158"}],"wp:term":[{"taxonomy":"category","embeddable":true,"href":"https:\/\/www.litografivesuviani.com\/main\/wp-json\/wp\/v2\/categories?post=1158"},{"taxonomy":"post_tag","embeddable":true,"href":"https:\/\/www.litografivesuviani.com\/main\/wp-json\/wp\/v2\/tags?post=1158"}],"curies":[{"name":"wp","href":"https:\/\/api.w.org\/{rel}","templated":true}]}}